{"id":18471,"date":"2025-09-12T12:57:54","date_gmt":"2025-09-12T10:57:54","guid":{"rendered":"https:\/\/filmfest-frauenwelten.de\/?p=18471"},"modified":"2025-10-23T13:09:16","modified_gmt":"2025-10-23T11:09:16","slug":"girls-dont-cry","status":"publish","type":"post","link":"https:\/\/filmfest-frauenwelten.de\/en\/2025\/09\/12\/girls-dont-cry\/","title":{"rendered":"GIRLS DON\u2019T CRY"},"content":{"rendered":"\t\t<div data-elementor-type=\"wp-post\" data-elementor-id=\"18471\" class=\"elementor elementor-18471 elementor-18067\" data-elementor-post-type=\"post\">\n\t\t\t\t\t\t<section class=\"elementor-section elementor-top-section elementor-element elementor-element-5ca90cc elementor-section-content-top elementor-section-boxed elementor-section-height-default elementor-section-height-default\" data-id=\"5ca90cc\" data-element_type=\"section\">\n\t\t\t\t\t\t<div class=\"elementor-container elementor-column-gap-narrow\">\n\t\t\t\t\t<div class=\"elementor-column elementor-col-100 elementor-top-column elementor-element elementor-element-c299469\" data-id=\"c299469\" data-element_type=\"column\">\n\t\t\t<div class=\"elementor-widget-wrap elementor-element-populated\">\n\t\t\t\t\t\t<div class=\"elementor-element elementor-element-1bb85ff elementor-widget elementor-widget-heading\" data-id=\"1bb85ff\" data-element_type=\"widget\" data-widget_type=\"heading.default\">\n\t\t\t\t<div class=\"elementor-widget-container\">\n\t\t\t\t\t<h2 class=\"elementor-heading-title elementor-size-default\">Sigrid Klausmann, Lina Luzyte (co-director), Germany, 2025, 91 min., documentary, German with English subtitles<\/h2>\t\t\t\t<\/div>\n\t\t\t\t<\/div>\n\t\t\t\t<div class=\"elementor-element elementor-element-c5f83ea elementor-widget elementor-widget-text-editor\" data-id=\"c5f83ea\" data-element_type=\"widget\" data-widget_type=\"text-editor.default\">\n\t\t\t\t<div class=\"elementor-widget-container\">\n\t\t\t\t\t\t\t\t\t<h5><strong>Nina, Sheelan, Paige, Sinai, Selenna, and Nancy\u2014six teenage girls from six cultures, each with their own dreams, challenges, and traumas. From Chile to South Korea, from Serbia to Tanzania, from the UK to Germany, they struggle against social prejudices and personal conflicts. Selenna campaigns for the rights of transgender people in Chile, Paige puts her one-year-old son to bed in the UK. Nina wakes up in Serbia with four others in a small room, Nancy holds the hand of her friend in Tanzania, who has just escaped female genital mutilation. Sinai is confronted with an advertisement for cosmetic surgery in South Korea, Sheelan questions what it means to be German. They all share an impressive resilience and an inspiring courage to find their own way between pain, hope, and the future.<\/strong><\/h5>\n\t\t\t\t\t\t\t\t<\/div>\n\t\t\t\t<\/div>\n\t\t\t\t\t<\/div>\n\t\t<\/div>\n\t\t\t\t\t<\/div>\n\t\t<\/section>\n\t\t\t\t<section class=\"elementor-section elementor-top-section elementor-element elementor-element-1b91b2e elementor-section-boxed elementor-section-height-default elementor-section-height-default\" data-id=\"1b91b2e\" data-element_type=\"section\">\n\t\t\t\t\t\t<div class=\"elementor-container elementor-column-gap-default\">\n\t\t\t\t\t<div class=\"elementor-column elementor-col-50 elementor-top-column elementor-element elementor-element-da085f8\" data-id=\"da085f8\" data-element_type=\"column\">\n\t\t\t<div class=\"elementor-widget-wrap elementor-element-populated\">\n\t\t\t\t\t\t<div class=\"elementor-element elementor-element-253e994 elementor-widget elementor-widget-text-editor\" data-id=\"253e994\" data-element_type=\"widget\" data-widget_type=\"text-editor.default\">\n\t\t\t\t<div class=\"elementor-widget-container\">\n\t\t\t\t\t\t\t\t\t<h5><a href=\"https:\/\/www.cinestar.de\/berlin-kino-in-der-kulturbrauerei\/veranstaltung-frauenwelten-girls-don-t-cry\" target=\"_blank\" rel=\"noopener\">Tickets: Sat, Nov. 1, 5:00 p.m.<\/a><br \/>In the presence of: <a href=\"https:\/\/filmfest-frauenwelten.de\/en\/guests-2\/\">Sigrid Klausmann (director), Amelie Bauer (production manager)<\/a><br \/>Berlin premiere<\/h5>\t\t\t\t\t\t\t\t<\/div>\n\t\t\t\t<\/div>\n\t\t\t\t\t<\/div>\n\t\t<\/div>\n\t\t\t\t<div class=\"elementor-column elementor-col-50 elementor-top-column elementor-element elementor-element-c8f9cc5\" data-id=\"c8f9cc5\" data-element_type=\"column\">\n\t\t\t<div class=\"elementor-widget-wrap elementor-element-populated\">\n\t\t\t\t\t\t<div class=\"elementor-element elementor-element-5b93788 elementor-widget elementor-widget-text-editor\" data-id=\"5b93788\" data-element_type=\"widget\" data-widget_type=\"text-editor.default\">\n\t\t\t\t<div class=\"elementor-widget-container\">\n\t\t\t\t\t\t\t\t\t<h5>GIRLS DON&#8217;T CRY celebrated its world premiere at the Buff Film Festival in Malm\u00f6, Sweden. The film was subsequently screened at the Kinofest L\u00fcnen, the Zl\u00edn Film Festival, the Interrobang Film Festival, the Buster Festival in Denmark, and the Lucas International Festival for Young Film Fans in Frankfurt. It received an honorable mention at the Buff Film Festival and was nominated for the \u201cRakete,\u201d the children&#8217;s and youth film award given by the student jury, at the Kinofest L\u00fcnen. In addition, the film was awarded the rating \u201cparticularly valuable\u201d by the German Film and Media Evaluation (FBW) and won in the \u201cFeature Length Documentary\u201d category at the Interrobang Film Festival.<\/h5>\n\t\t\t\t\t\t\t\t<\/div>\n\t\t\t\t<\/div>\n\t\t\t\t\t<\/div>\n\t\t<\/div>\n\t\t\t\t\t<\/div>\n\t\t<\/section>\n\t\t\t\t<section class=\"elementor-section elementor-top-section elementor-element elementor-element-abe59b3 elementor-section-boxed elementor-section-height-default elementor-section-height-default\" data-id=\"abe59b3\" data-element_type=\"section\">\n\t\t\t\t\t\t<div class=\"elementor-container elementor-column-gap-default\">\n\t\t\t\t\t<div class=\"elementor-column elementor-col-100 elementor-top-column elementor-element elementor-element-2e5cd66\" data-id=\"2e5cd66\" data-element_type=\"column\">\n\t\t\t<div class=\"elementor-widget-wrap elementor-element-populated\">\n\t\t\t\t\t\t<div class=\"elementor-element elementor-element-655e60d elementor-widget elementor-widget-heading\" data-id=\"655e60d\" data-element_type=\"widget\" data-widget_type=\"heading.default\">\n\t\t\t\t<div class=\"elementor-widget-container\">\n\t\t\t\t\t<h2 class=\"elementor-heading-title elementor-size-default\"><a href=\"https:\/\/filmfest-frauenwelten.de\/en\/films\/\">&#10142; more films<\/a><\/h2>\t\t\t\t<\/div>\n\t\t\t\t<\/div>\n\t\t\t\t\t<\/div>\n\t\t<\/div>\n\t\t\t\t\t<\/div>\n\t\t<\/section>\n\t\t\t\t<section class=\"elementor-section elementor-top-section elementor-element elementor-element-2f47cd5 elementor-section-boxed elementor-section-height-default elementor-section-height-default\" data-id=\"2f47cd5\" data-element_type=\"section\">\n\t\t\t\t\t\t<div class=\"elementor-container elementor-column-gap-default\">\n\t\t\t\t\t<div class=\"elementor-column elementor-col-100 elementor-top-column elementor-element elementor-element-79e4a3b\" data-id=\"79e4a3b\" data-element_type=\"column\">\n\t\t\t<div class=\"elementor-widget-wrap\">\n\t\t\t\t\t\t\t<\/div>\n\t\t<\/div>\n\t\t\t\t\t<\/div>\n\t\t<\/section>\n\t\t\t\t<\/div>\n\t\t","protected":false},"excerpt":{"rendered":"<p>Six teenage girls from six cultures confront prejudice, personal trauma, and inner conflict \u2013 each uniquely vulnerable, yet united by extraordinary courage and resilience.<\/p>\n","protected":false},"author":6,"featured_media":18069,"comment_status":"closed","ping_status":"closed","sticky":false,"template":"","format":"video","meta":{"ocean_post_layout":"full-width","ocean_both_sidebars_style":"","ocean_both_sidebars_content_width":0,"ocean_both_sidebars_sidebars_width":0,"ocean_sidebar":"0","ocean_second_sidebar":"0","ocean_disable_margins":"enable","ocean_add_body_class":"","ocean_shortcode_before_top_bar":"","ocean_shortcode_after_top_bar":"","ocean_shortcode_before_header":"","ocean_shortcode_after_header":"","ocean_has_shortcode":"","ocean_shortcode_after_title":"","ocean_shortcode_before_footer_widgets":"","ocean_shortcode_after_footer_widgets":"","ocean_shortcode_before_footer_bottom":"","ocean_shortcode_after_footer_bottom":"","ocean_display_top_bar":"default","ocean_display_header":"default","ocean_header_style":"","ocean_center_header_left_menu":"0","ocean_custom_header_template":"0","ocean_custom_logo":0,"ocean_custom_retina_logo":0,"ocean_custom_logo_max_width":0,"ocean_custom_logo_tablet_max_width":0,"ocean_custom_logo_mobile_max_width":0,"ocean_custom_logo_max_height":0,"ocean_custom_logo_tablet_max_height":0,"ocean_custom_logo_mobile_max_height":0,"ocean_header_custom_menu":"0","ocean_menu_typo_font_family":"0","ocean_menu_typo_font_subset":"","ocean_menu_typo_font_size":0,"ocean_menu_typo_font_size_tablet":0,"ocean_menu_typo_font_size_mobile":0,"ocean_menu_typo_font_size_unit":"px","ocean_menu_typo_font_weight":"","ocean_menu_typo_font_weight_tablet":"","ocean_menu_typo_font_weight_mobile":"","ocean_menu_typo_transform":"","ocean_menu_typo_transform_tablet":"","ocean_menu_typo_transform_mobile":"","ocean_menu_typo_line_height":0,"ocean_menu_typo_line_height_tablet":0,"ocean_menu_typo_line_height_mobile":0,"ocean_menu_typo_line_height_unit":"","ocean_menu_typo_spacing":0,"ocean_menu_typo_spacing_tablet":0,"ocean_menu_typo_spacing_mobile":0,"ocean_menu_typo_spacing_unit":"","ocean_menu_link_color":"","ocean_menu_link_color_hover":"","ocean_menu_link_color_active":"","ocean_menu_link_background":"","ocean_menu_link_hover_background":"","ocean_menu_link_active_background":"","ocean_menu_social_links_bg":"","ocean_menu_social_hover_links_bg":"","ocean_menu_social_links_color":"","ocean_menu_social_hover_links_color":"","ocean_disable_title":"on","ocean_disable_heading":"default","ocean_post_title":"","ocean_post_subheading":"","ocean_post_title_style":"","ocean_post_title_background_color":"","ocean_post_title_background":0,"ocean_post_title_bg_image_position":"","ocean_post_title_bg_image_attachment":"","ocean_post_title_bg_image_repeat":"","ocean_post_title_bg_image_size":"","ocean_post_title_height":0,"ocean_post_title_bg_overlay":0.5,"ocean_post_title_bg_overlay_color":"","ocean_disable_breadcrumbs":"default","ocean_breadcrumbs_color":"","ocean_breadcrumbs_separator_color":"","ocean_breadcrumbs_links_color":"","ocean_breadcrumbs_links_hover_color":"","ocean_display_footer_widgets":"default","ocean_display_footer_bottom":"default","ocean_custom_footer_template":"0","osh_disable_topbar_sticky":"default","osh_disable_header_sticky":"default","osh_sticky_header_style":"default","osh_sticky_header_effect":"","osh_custom_sticky_logo":0,"osh_custom_retina_sticky_logo":0,"osh_custom_sticky_logo_height":0,"osh_background_color":"","osh_links_color":"","osh_links_hover_color":"","osh_links_active_color":"","osh_links_bg_color":"","osh_links_hover_bg_color":"","osh_links_active_bg_color":"","osh_menu_social_links_color":"","osh_menu_social_hover_links_color":"","ocean_post_oembed":"","ocean_post_self_hosted_media":"https:\/\/youtu.be\/WpoivvUNvMU","ocean_post_video_embed":"","ocean_link_format":"","ocean_link_format_target":"self","ocean_quote_format":"","ocean_quote_format_link":"post","ocean_gallery_link_images":"off","ocean_gallery_id":[],"footnotes":""},"categories":[156,164],"tags":[41],"class_list":["post-18471","post","type-post","status-publish","format-video","has-post-thumbnail","hentry","category-01-nov-2025-en","category-film2025-en","tag-dokumentarfilm-en","post_format-post-format-video","entry","has-media"],"_links":{"self":[{"href":"https:\/\/filmfest-frauenwelten.de\/en\/wp-json\/wp\/v2\/posts\/18471","targetHints":{"allow":["GET"]}}],"collection":[{"href":"https:\/\/filmfest-frauenwelten.de\/en\/wp-json\/wp\/v2\/posts"}],"about":[{"href":"https:\/\/filmfest-frauenwelten.de\/en\/wp-json\/wp\/v2\/types\/post"}],"author":[{"embeddable":true,"href":"https:\/\/filmfest-frauenwelten.de\/en\/wp-json\/wp\/v2\/users\/6"}],"replies":[{"embeddable":true,"href":"https:\/\/filmfest-frauenwelten.de\/en\/wp-json\/wp\/v2\/comments?post=18471"}],"version-history":[{"count":10,"href":"https:\/\/filmfest-frauenwelten.de\/en\/wp-json\/wp\/v2\/posts\/18471\/revisions"}],"predecessor-version":[{"id":23086,"href":"https:\/\/filmfest-frauenwelten.de\/en\/wp-json\/wp\/v2\/posts\/18471\/revisions\/23086"}],"wp:featuredmedia":[{"embeddable":true,"href":"https:\/\/filmfest-frauenwelten.de\/en\/wp-json\/wp\/v2\/media\/18069"}],"wp:attachment":[{"href":"https:\/\/filmfest-frauenwelten.de\/en\/wp-json\/wp\/v2\/media?parent=18471"}],"wp:term":[{"taxonomy":"category","embeddable":true,"href":"https:\/\/filmfest-frauenwelten.de\/en\/wp-json\/wp\/v2\/categories?post=18471"},{"taxonomy":"post_tag","embeddable":true,"href":"https:\/\/filmfest-frauenwelten.de\/en\/wp-json\/wp\/v2\/tags?post=18471"}],"curies":[{"name":"wp","href":"https:\/\/api.w.org\/{rel}","templated":true}]}}